{"id":16122,"date":"2020-10-03T10:43:43","date_gmt":"2020-10-03T13:43:43","guid":{"rendered":"http:\/\/capitalelevadores.com.br\/site\/?p=16122"},"modified":"2020-11-25T10:44:09","modified_gmt":"2020-11-25T13:44:09","slug":"como-escolher-o-melhor-elevador","status":"publish","type":"post","link":"https:\/\/capitalelevadores.com.br\/site\/como-escolher-o-melhor-elevador\/","title":{"rendered":"Como escolher o melhor elevador"},"content":{"rendered":"<p>O primeiro passo para se definir a dimens\u00e3o dos elevadores \u00e9 ter sempre em mente quais s\u00e3o as caracter\u00edsticas do im\u00f3vel.<\/p>\n<p>O elevador tem objetivo funcional dentro da constru\u00e7\u00e3o. Im\u00f3veis com maior fluxo de pessoas precisam de elevadores maiores. Preste aten\u00e7\u00e3o nessas considera\u00e7\u00f5es para a implanta\u00e7\u00e3o do elevador.<\/p>\n<p>&#8211; Qual o tipo de empreendimento? (Residencial, comercial, hospitalar, educacional)<br \/>\n&#8211; S\u00e3o quantos andares?<br \/>\n&#8211; Qual a frequ\u00eancia de uso?<br \/>\n&#8211; Precisa atender regras de acessibilidade?<\/p>\n<p>Faz sentido que essas caracter\u00edsticas de projeto ir\u00e3o afetar a escolha do equipamento, certo? Sempre que for tratar de assunto do elevador para um fornecedor comunique claramente essas caracter\u00edsticas.<\/p>\n","protected":false},"excerpt":{"rendered":"<p>O primeiro passo para se definir a dimens\u00e3o dos elevadores \u00e9 ter sempre em mente quais s\u00e3o as caracter\u00edsticas do im\u00f3vel. O elevador tem objetivo funcional dentro da constru\u00e7\u00e3o. Im\u00f3veis com maior fluxo de pessoas precisam de elevadores maiores. Preste aten\u00e7\u00e3o nessas considera\u00e7\u00f5es para a&#8230;<\/p>\n","protected":false},"author":1,"featured_media":16123,"comment_status":"open","ping_status":"open","sticky":false,"template":"","format":"standard","meta":[],"categories":[67],"tags":[],"_links":{"self":[{"href":"https:\/\/capitalelevadores.com.br\/site\/wp-json\/wp\/v2\/posts\/16122"}],"collection":[{"href":"https:\/\/capitalelevadores.com.br\/site\/wp-json\/wp\/v2\/posts"}],"about":[{"href":"https:\/\/capitalelevadores.com.br\/site\/wp-json\/wp\/v2\/types\/post"}],"author":[{"embeddable":true,"href":"https:\/\/capitalelevadores.com.br\/site\/wp-json\/wp\/v2\/users\/1"}],"replies":[{"embeddable":true,"href":"https:\/\/capitalelevadores.com.br\/site\/wp-json\/wp\/v2\/comments?post=16122"}],"version-history":[{"count":1,"href":"https:\/\/capitalelevadores.com.br\/site\/wp-json\/wp\/v2\/posts\/16122\/revisions"}],"predecessor-version":[{"id":16124,"href":"https:\/\/capitalelevadores.com.br\/site\/wp-json\/wp\/v2\/posts\/16122\/revisions\/16124"}],"wp:featuredmedia":[{"embeddable":true,"href":"https:\/\/capitalelevadores.com.br\/site\/wp-json\/wp\/v2\/media\/16123"}],"wp:attachment":[{"href":"https:\/\/capitalelevadores.com.br\/site\/wp-json\/wp\/v2\/media?parent=16122"}],"wp:term":[{"taxonomy":"category","embeddable":true,"href":"https:\/\/capitalelevadores.com.br\/site\/wp-json\/wp\/v2\/categories?post=16122"},{"taxonomy":"post_tag","embeddable":true,"href":"https:\/\/capitalelevadores.com.br\/site\/wp-json\/wp\/v2\/tags?post=16122"}],"curies":[{"name":"wp","href":"https:\/\/api.w.org\/{rel}","templated":true}]}}